{"id":15064,"date":"2023-03-31T07:52:50","date_gmt":"2023-03-31T07:52:50","guid":{"rendered":"https:\/\/tajimaeurope.com\/?p=15064"},"modified":"2023-11-06T11:57:59","modified_gmt":"2023-11-06T10:57:59","slug":"tajima-est-present-au-salon-tecstyle-visions","status":"publish","type":"post","link":"https:\/\/tajimaeurope.com\/fr\/tajima-est-present-au-salon-tecstyle-visions\/","title":{"rendered":"Tajima est pr\u00e9sent au salon TecStyle Visions"},"content":{"rendered":"<h2 style=\"color: #1e1e30; font-size: 25px;\">L&rsquo;\u00e9quipe de <strong>Mountek<\/strong> vous attendent \u00e0 Stuttgart<\/h2>\n<p>Le salon <strong>TV TecStyle Visions<\/strong> est le salon de r\u00e9f\u00e9rence en Europe pour l&rsquo;ennoblissement textile et la promotion, se tiendra enfin \u00e0 Stuttgart.<\/p>\n<p>Du 30.03. au 01.04.2023, nous pr\u00e9senterons sur notre grand stand tout ce qui concerne les machines \u00e0 broder et les logiciels Tajima.<\/p>\n<p>Vous nous trouverez dans le <strong>hall 5, stand 5A41<\/strong>.<\/p>\n<p>Horaires :\u00a0<br \/>Jeudi 30 et Vendredi 31 Mars : 09:30\u00a0 &#8211; 18:00<br \/>Samedi 1er Avril : 09:30\u00a0 &#8211; 17:00\u00a0<\/p>\n\n\n<figure class=\"wp-block-image size-large\"><img fetchpriority=\"high\" decoding=\"async\" width=\"1024\" height=\"588\" src=\"https:\/\/tajimaeurope.com\/wp-content\/uploads\/2023\/03\/Messestand2023-1024x588.png\" alt=\"\" class=\"wp-image-15071\" srcset=\"https:\/\/tajimaeurope.com\/wp-content\/uploads\/2023\/03\/Messestand2023-1024x588.png 1024w, https:\/\/tajimaeurope.com\/wp-content\/uploads\/2023\/03\/Messestand2023-300x172.png 300w, https:\/\/tajimaeurope.com\/wp-content\/uploads\/2023\/03\/Messestand2023-768x441.png 768w, https:\/\/tajimaeurope.com\/wp-content\/uploads\/2023\/03\/Messestand2023.png 1029w\" sizes=\"(max-width: 1024px) 100vw, 1024px\" \/><\/figure>\n","protected":false},"excerpt":{"rendered":"<p>Tajima est pr\u00e9sent \u00e0 Stuttgart du 30.03 au 01.04 au Salon TecStyle Visions<\/p>\n","protected":false},"author":4,"featured_media":15066,"comment_status":"closed","ping_status":"closed","sticky":false,"template":"","format":"standard","meta":{"_acf_changed":false,"neve_meta_sidebar":"","neve_meta_container":"","neve_meta_enable_content_width":"","neve_meta_content_width":0,"neve_meta_title_alignment":"","neve_meta_author_avatar":"","neve_post_elements_order":"","neve_meta_disable_header":"","neve_meta_disable_footer":"","neve_meta_disable_title":"","neve_meta_reading_time":"","footnotes":""},"categories":[51],"tags":[],"class_list":["post-15064","post","type-post","status-publish","format-standard","has-post-thumbnail","hentry","category-salons"],"acf":[],"yoast_head":"<!-- This site is optimized with the Yoast SEO plugin v27.4 - https:\/\/yoast.com\/product\/yoast-seo-wordpress\/ -->\n<title>Salon TecStyle Visions<\/title>\n<meta name=\"description\" content=\"Tajima est pr\u00e9sent au TecStyle Visions \u00e0 Stuttgart sur le stand de Mountek : Hall 5, 5A41\" \/>\n<meta name=\"robots\" content=\"index, follow, max-snippet:-1, max-image-preview:large, max-video-preview:-1\" \/>\n<link rel=\"canonical\" href=\"https:\/\/tajimaeurope.com\/fr\/tajima-est-present-au-salon-tecstyle-visions\/\" \/>\n<meta property=\"og:locale\" content=\"fr_FR\" \/>\n<meta property=\"og:type\" content=\"article\" \/>\n<meta property=\"og:title\" content=\"Salon TecStyle Visions\" \/>\n<meta property=\"og:description\" content=\"Tajima est pr\u00e9sent au TecStyle Visions \u00e0 Stuttgart sur le stand de Mountek : Hall 5, 5A41\" \/>\n<meta property=\"og:url\" content=\"https:\/\/tajimaeurope.com\/fr\/tajima-est-present-au-salon-tecstyle-visions\/\" \/>\n<meta property=\"og:site_name\" content=\"Tajima Europe\" \/>\n<meta property=\"article:published_time\" content=\"2023-03-31T07:52:50+00:00\" \/>\n<meta property=\"article:modified_time\" content=\"2023-11-06T10:57:59+00:00\" \/>\n<meta property=\"og:image\" content=\"https:\/\/tajimaeurope.com\/wp-content\/uploads\/2023\/03\/TecSTYLE-Visions-600x300-1.jpg\" \/>\n\t<meta property=\"og:image:width\" content=\"600\" \/>\n\t<meta property=\"og:image:height\" content=\"300\" \/>\n\t<meta property=\"og:image:type\" content=\"image\/jpeg\" \/>\n<meta name=\"author\" content=\"Tajima-Europe\" \/>\n<meta name=\"twitter:card\" content=\"summary_large_image\" \/>\n<meta name=\"twitter:label1\" content=\"\u00c9crit par\" \/>\n\t<meta name=\"twitter:data1\" content=\"Tajima-Europe\" \/>\n\t<meta name=\"twitter:label2\" content=\"Dur\u00e9e de lecture estim\u00e9e\" \/>\n\t<meta name=\"twitter:data2\" content=\"1 minute\" \/>\n<script type=\"application\/ld+json\" class=\"yoast-schema-graph\">{\"@context\":\"https:\\\/\\\/schema.org\",\"@graph\":[{\"@type\":\"Article\",\"@id\":\"https:\\\/\\\/tajimaeurope.com\\\/fr\\\/tajima-est-present-au-salon-tecstyle-visions\\\/#article\",\"isPartOf\":{\"@id\":\"https:\\\/\\\/tajimaeurope.com\\\/fr\\\/tajima-est-present-au-salon-tecstyle-visions\\\/\"},\"author\":{\"name\":\"Tajima-Europe\",\"@id\":\"https:\\\/\\\/tajimaeurope.com\\\/fr\\\/#\\\/schema\\\/person\\\/653b16a37f32ca20591c3cdd5e5369bc\"},\"headline\":\"Tajima est pr\u00e9sent au salon TecStyle Visions\",\"datePublished\":\"2023-03-31T07:52:50+00:00\",\"dateModified\":\"2023-11-06T10:57:59+00:00\",\"mainEntityOfPage\":{\"@id\":\"https:\\\/\\\/tajimaeurope.com\\\/fr\\\/tajima-est-present-au-salon-tecstyle-visions\\\/\"},\"wordCount\":78,\"publisher\":{\"@id\":\"https:\\\/\\\/tajimaeurope.com\\\/fr\\\/#organization\"},\"image\":{\"@id\":\"https:\\\/\\\/tajimaeurope.com\\\/fr\\\/tajima-est-present-au-salon-tecstyle-visions\\\/#primaryimage\"},\"thumbnailUrl\":\"https:\\\/\\\/tajimaeurope.com\\\/wp-content\\\/uploads\\\/2023\\\/03\\\/TecSTYLE-Visions-600x300-1.jpg\",\"articleSection\":[\"Salons\"],\"inLanguage\":\"fr-FR\"},{\"@type\":\"WebPage\",\"@id\":\"https:\\\/\\\/tajimaeurope.com\\\/fr\\\/tajima-est-present-au-salon-tecstyle-visions\\\/\",\"url\":\"https:\\\/\\\/tajimaeurope.com\\\/fr\\\/tajima-est-present-au-salon-tecstyle-visions\\\/\",\"name\":\"Salon TecStyle Visions\",\"isPartOf\":{\"@id\":\"https:\\\/\\\/tajimaeurope.com\\\/fr\\\/#website\"},\"primaryImageOfPage\":{\"@id\":\"https:\\\/\\\/tajimaeurope.com\\\/fr\\\/tajima-est-present-au-salon-tecstyle-visions\\\/#primaryimage\"},\"image\":{\"@id\":\"https:\\\/\\\/tajimaeurope.com\\\/fr\\\/tajima-est-present-au-salon-tecstyle-visions\\\/#primaryimage\"},\"thumbnailUrl\":\"https:\\\/\\\/tajimaeurope.com\\\/wp-content\\\/uploads\\\/2023\\\/03\\\/TecSTYLE-Visions-600x300-1.jpg\",\"datePublished\":\"2023-03-31T07:52:50+00:00\",\"dateModified\":\"2023-11-06T10:57:59+00:00\",\"description\":\"Tajima est pr\u00e9sent au TecStyle Visions \u00e0 Stuttgart sur le stand de Mountek : Hall 5, 5A41\",\"breadcrumb\":{\"@id\":\"https:\\\/\\\/tajimaeurope.com\\\/fr\\\/tajima-est-present-au-salon-tecstyle-visions\\\/#breadcrumb\"},\"inLanguage\":\"fr-FR\",\"potentialAction\":[{\"@type\":\"ReadAction\",\"target\":[\"https:\\\/\\\/tajimaeurope.com\\\/fr\\\/tajima-est-present-au-salon-tecstyle-visions\\\/\"]}]},{\"@type\":\"ImageObject\",\"inLanguage\":\"fr-FR\",\"@id\":\"https:\\\/\\\/tajimaeurope.com\\\/fr\\\/tajima-est-present-au-salon-tecstyle-visions\\\/#primaryimage\",\"url\":\"https:\\\/\\\/tajimaeurope.com\\\/wp-content\\\/uploads\\\/2023\\\/03\\\/TecSTYLE-Visions-600x300-1.jpg\",\"contentUrl\":\"https:\\\/\\\/tajimaeurope.com\\\/wp-content\\\/uploads\\\/2023\\\/03\\\/TecSTYLE-Visions-600x300-1.jpg\",\"width\":600,\"height\":300,\"caption\":\"TecStyle Vision\"},{\"@type\":\"BreadcrumbList\",\"@id\":\"https:\\\/\\\/tajimaeurope.com\\\/fr\\\/tajima-est-present-au-salon-tecstyle-visions\\\/#breadcrumb\",\"itemListElement\":[{\"@type\":\"ListItem\",\"position\":1,\"name\":\"Accueil\",\"item\":\"https:\\\/\\\/tajimaeurope.com\\\/fr\\\/\"},{\"@type\":\"ListItem\",\"position\":2,\"name\":\"Actualit\u00e9s\",\"item\":\"https:\\\/\\\/tajimaeurope.com\\\/fr\\\/category\\\/actualites\\\/\"},{\"@type\":\"ListItem\",\"position\":3,\"name\":\"Salons\",\"item\":\"https:\\\/\\\/tajimaeurope.com\\\/fr\\\/category\\\/actualites\\\/salons\\\/\"},{\"@type\":\"ListItem\",\"position\":4,\"name\":\"Tajima est pr\u00e9sent au salon TecStyle Visions\"}]},{\"@type\":\"WebSite\",\"@id\":\"https:\\\/\\\/tajimaeurope.com\\\/fr\\\/#website\",\"url\":\"https:\\\/\\\/tajimaeurope.com\\\/fr\\\/\",\"name\":\"Tajima Europe\",\"description\":\"Les experts outils dans les m\u00e9tiers de la broderie\",\"publisher\":{\"@id\":\"https:\\\/\\\/tajimaeurope.com\\\/fr\\\/#organization\"},\"potentialAction\":[{\"@type\":\"SearchAction\",\"target\":{\"@type\":\"EntryPoint\",\"urlTemplate\":\"https:\\\/\\\/tajimaeurope.com\\\/fr\\\/?s={search_term_string}\"},\"query-input\":{\"@type\":\"PropertyValueSpecification\",\"valueRequired\":true,\"valueName\":\"search_term_string\"}}],\"inLanguage\":\"fr-FR\"},{\"@type\":\"Organization\",\"@id\":\"https:\\\/\\\/tajimaeurope.com\\\/fr\\\/#organization\",\"name\":\"Tajima Europe\",\"url\":\"https:\\\/\\\/tajimaeurope.com\\\/fr\\\/\",\"logo\":{\"@type\":\"ImageObject\",\"inLanguage\":\"fr-FR\",\"@id\":\"https:\\\/\\\/tajimaeurope.com\\\/fr\\\/#\\\/schema\\\/logo\\\/image\\\/\",\"url\":\"https:\\\/\\\/tajimaeurope.com\\\/wp-content\\\/uploads\\\/2020\\\/03\\\/logo-mail.jpg\",\"contentUrl\":\"https:\\\/\\\/tajimaeurope.com\\\/wp-content\\\/uploads\\\/2020\\\/03\\\/logo-mail.jpg\",\"width\":179,\"height\":150,\"caption\":\"Tajima Europe\"},\"image\":{\"@id\":\"https:\\\/\\\/tajimaeurope.com\\\/fr\\\/#\\\/schema\\\/logo\\\/image\\\/\"}},{\"@type\":\"Person\",\"@id\":\"https:\\\/\\\/tajimaeurope.com\\\/fr\\\/#\\\/schema\\\/person\\\/653b16a37f32ca20591c3cdd5e5369bc\",\"name\":\"Tajima-Europe\",\"image\":{\"@type\":\"ImageObject\",\"inLanguage\":\"fr-FR\",\"@id\":\"https:\\\/\\\/secure.gravatar.com\\\/avatar\\\/63f136c4f57fbb08ad92739e6dad7677d48b8509639b58cee27a041a92a6f39d?s=96&d=mm&r=g\",\"url\":\"https:\\\/\\\/secure.gravatar.com\\\/avatar\\\/63f136c4f57fbb08ad92739e6dad7677d48b8509639b58cee27a041a92a6f39d?s=96&d=mm&r=g\",\"contentUrl\":\"https:\\\/\\\/secure.gravatar.com\\\/avatar\\\/63f136c4f57fbb08ad92739e6dad7677d48b8509639b58cee27a041a92a6f39d?s=96&d=mm&r=g\",\"caption\":\"Tajima-Europe\"},\"url\":\"https:\\\/\\\/tajimaeurope.com\\\/fr\\\/author\\\/tajima-europe\\\/\"}]}<\/script>\n<!-- \/ Yoast SEO plugin. -->","yoast_head_json":{"title":"Salon TecStyle Visions","description":"Tajima est pr\u00e9sent au TecStyle Visions \u00e0 Stuttgart sur le stand de Mountek : Hall 5, 5A41","robots":{"index":"index","follow":"follow","max-snippet":"max-snippet:-1","max-image-preview":"max-image-preview:large","max-video-preview":"max-video-preview:-1"},"canonical":"https:\/\/tajimaeurope.com\/fr\/tajima-est-present-au-salon-tecstyle-visions\/","og_locale":"fr_FR","og_type":"article","og_title":"Salon TecStyle Visions","og_description":"Tajima est pr\u00e9sent au TecStyle Visions \u00e0 Stuttgart sur le stand de Mountek : Hall 5, 5A41","og_url":"https:\/\/tajimaeurope.com\/fr\/tajima-est-present-au-salon-tecstyle-visions\/","og_site_name":"Tajima Europe","article_published_time":"2023-03-31T07:52:50+00:00","article_modified_time":"2023-11-06T10:57:59+00:00","og_image":[{"width":600,"height":300,"url":"https:\/\/tajimaeurope.com\/wp-content\/uploads\/2023\/03\/TecSTYLE-Visions-600x300-1.jpg","type":"image\/jpeg"}],"author":"Tajima-Europe","twitter_card":"summary_large_image","twitter_misc":{"\u00c9crit par":"Tajima-Europe","Dur\u00e9e de lecture estim\u00e9e":"1 minute"},"schema":{"@context":"https:\/\/schema.org","@graph":[{"@type":"Article","@id":"https:\/\/tajimaeurope.com\/fr\/tajima-est-present-au-salon-tecstyle-visions\/#article","isPartOf":{"@id":"https:\/\/tajimaeurope.com\/fr\/tajima-est-present-au-salon-tecstyle-visions\/"},"author":{"name":"Tajima-Europe","@id":"https:\/\/tajimaeurope.com\/fr\/#\/schema\/person\/653b16a37f32ca20591c3cdd5e5369bc"},"headline":"Tajima est pr\u00e9sent au salon TecStyle Visions","datePublished":"2023-03-31T07:52:50+00:00","dateModified":"2023-11-06T10:57:59+00:00","mainEntityOfPage":{"@id":"https:\/\/tajimaeurope.com\/fr\/tajima-est-present-au-salon-tecstyle-visions\/"},"wordCount":78,"publisher":{"@id":"https:\/\/tajimaeurope.com\/fr\/#organization"},"image":{"@id":"https:\/\/tajimaeurope.com\/fr\/tajima-est-present-au-salon-tecstyle-visions\/#primaryimage"},"thumbnailUrl":"https:\/\/tajimaeurope.com\/wp-content\/uploads\/2023\/03\/TecSTYLE-Visions-600x300-1.jpg","articleSection":["Salons"],"inLanguage":"fr-FR"},{"@type":"WebPage","@id":"https:\/\/tajimaeurope.com\/fr\/tajima-est-present-au-salon-tecstyle-visions\/","url":"https:\/\/tajimaeurope.com\/fr\/tajima-est-present-au-salon-tecstyle-visions\/","name":"Salon TecStyle Visions","isPartOf":{"@id":"https:\/\/tajimaeurope.com\/fr\/#website"},"primaryImageOfPage":{"@id":"https:\/\/tajimaeurope.com\/fr\/tajima-est-present-au-salon-tecstyle-visions\/#primaryimage"},"image":{"@id":"https:\/\/tajimaeurope.com\/fr\/tajima-est-present-au-salon-tecstyle-visions\/#primaryimage"},"thumbnailUrl":"https:\/\/tajimaeurope.com\/wp-content\/uploads\/2023\/03\/TecSTYLE-Visions-600x300-1.jpg","datePublished":"2023-03-31T07:52:50+00:00","dateModified":"2023-11-06T10:57:59+00:00","description":"Tajima est pr\u00e9sent au TecStyle Visions \u00e0 Stuttgart sur le stand de Mountek : Hall 5, 5A41","breadcrumb":{"@id":"https:\/\/tajimaeurope.com\/fr\/tajima-est-present-au-salon-tecstyle-visions\/#breadcrumb"},"inLanguage":"fr-FR","potentialAction":[{"@type":"ReadAction","target":["https:\/\/tajimaeurope.com\/fr\/tajima-est-present-au-salon-tecstyle-visions\/"]}]},{"@type":"ImageObject","inLanguage":"fr-FR","@id":"https:\/\/tajimaeurope.com\/fr\/tajima-est-present-au-salon-tecstyle-visions\/#primaryimage","url":"https:\/\/tajimaeurope.com\/wp-content\/uploads\/2023\/03\/TecSTYLE-Visions-600x300-1.jpg","contentUrl":"https:\/\/tajimaeurope.com\/wp-content\/uploads\/2023\/03\/TecSTYLE-Visions-600x300-1.jpg","width":600,"height":300,"caption":"TecStyle Vision"},{"@type":"BreadcrumbList","@id":"https:\/\/tajimaeurope.com\/fr\/tajima-est-present-au-salon-tecstyle-visions\/#breadcrumb","itemListElement":[{"@type":"ListItem","position":1,"name":"Accueil","item":"https:\/\/tajimaeurope.com\/fr\/"},{"@type":"ListItem","position":2,"name":"Actualit\u00e9s","item":"https:\/\/tajimaeurope.com\/fr\/category\/actualites\/"},{"@type":"ListItem","position":3,"name":"Salons","item":"https:\/\/tajimaeurope.com\/fr\/category\/actualites\/salons\/"},{"@type":"ListItem","position":4,"name":"Tajima est pr\u00e9sent au salon TecStyle Visions"}]},{"@type":"WebSite","@id":"https:\/\/tajimaeurope.com\/fr\/#website","url":"https:\/\/tajimaeurope.com\/fr\/","name":"Tajima Europe","description":"Les experts outils dans les m\u00e9tiers de la broderie","publisher":{"@id":"https:\/\/tajimaeurope.com\/fr\/#organization"},"potentialAction":[{"@type":"SearchAction","target":{"@type":"EntryPoint","urlTemplate":"https:\/\/tajimaeurope.com\/fr\/?s={search_term_string}"},"query-input":{"@type":"PropertyValueSpecification","valueRequired":true,"valueName":"search_term_string"}}],"inLanguage":"fr-FR"},{"@type":"Organization","@id":"https:\/\/tajimaeurope.com\/fr\/#organization","name":"Tajima Europe","url":"https:\/\/tajimaeurope.com\/fr\/","logo":{"@type":"ImageObject","inLanguage":"fr-FR","@id":"https:\/\/tajimaeurope.com\/fr\/#\/schema\/logo\/image\/","url":"https:\/\/tajimaeurope.com\/wp-content\/uploads\/2020\/03\/logo-mail.jpg","contentUrl":"https:\/\/tajimaeurope.com\/wp-content\/uploads\/2020\/03\/logo-mail.jpg","width":179,"height":150,"caption":"Tajima Europe"},"image":{"@id":"https:\/\/tajimaeurope.com\/fr\/#\/schema\/logo\/image\/"}},{"@type":"Person","@id":"https:\/\/tajimaeurope.com\/fr\/#\/schema\/person\/653b16a37f32ca20591c3cdd5e5369bc","name":"Tajima-Europe","image":{"@type":"ImageObject","inLanguage":"fr-FR","@id":"https:\/\/secure.gravatar.com\/avatar\/63f136c4f57fbb08ad92739e6dad7677d48b8509639b58cee27a041a92a6f39d?s=96&d=mm&r=g","url":"https:\/\/secure.gravatar.com\/avatar\/63f136c4f57fbb08ad92739e6dad7677d48b8509639b58cee27a041a92a6f39d?s=96&d=mm&r=g","contentUrl":"https:\/\/secure.gravatar.com\/avatar\/63f136c4f57fbb08ad92739e6dad7677d48b8509639b58cee27a041a92a6f39d?s=96&d=mm&r=g","caption":"Tajima-Europe"},"url":"https:\/\/tajimaeurope.com\/fr\/author\/tajima-europe\/"}]}},"_links":{"self":[{"href":"https:\/\/tajimaeurope.com\/fr\/wp-json\/wp\/v2\/posts\/15064","targetHints":{"allow":["GET"]}}],"collection":[{"href":"https:\/\/tajimaeurope.com\/fr\/wp-json\/wp\/v2\/posts"}],"about":[{"href":"https:\/\/tajimaeurope.com\/fr\/wp-json\/wp\/v2\/types\/post"}],"author":[{"embeddable":true,"href":"https:\/\/tajimaeurope.com\/fr\/wp-json\/wp\/v2\/users\/4"}],"replies":[{"embeddable":true,"href":"https:\/\/tajimaeurope.com\/fr\/wp-json\/wp\/v2\/comments?post=15064"}],"version-history":[{"count":0,"href":"https:\/\/tajimaeurope.com\/fr\/wp-json\/wp\/v2\/posts\/15064\/revisions"}],"wp:featuredmedia":[{"embeddable":true,"href":"https:\/\/tajimaeurope.com\/fr\/wp-json\/wp\/v2\/media\/15066"}],"wp:attachment":[{"href":"https:\/\/tajimaeurope.com\/fr\/wp-json\/wp\/v2\/media?parent=15064"}],"wp:term":[{"taxonomy":"category","embeddable":true,"href":"https:\/\/tajimaeurope.com\/fr\/wp-json\/wp\/v2\/categories?post=15064"},{"taxonomy":"post_tag","embeddable":true,"href":"https:\/\/tajimaeurope.com\/fr\/wp-json\/wp\/v2\/tags?post=15064"}],"curies":[{"name":"wp","href":"https:\/\/api.w.org\/{rel}","templated":true}]}}